{"id":5553,"date":"2023-09-27T12:17:33","date_gmt":"2023-09-27T10:17:33","guid":{"rendered":"https:\/\/devea-environnement.com\/parlons-biocharge-et-biodecontamination-au-congres-2023-de-la-sfm-a-rennes\/"},"modified":"2025-12-17T16:07:41","modified_gmt":"2025-12-17T15:07:41","slug":"lasst-uns-auf-dem-kongress-2023-der-sfm-in-rennes-ueber-biobelastung-und-biodekontamination-sprechen","status":"publish","type":"post","link":"https:\/\/devea-environnement.com\/de\/lasst-uns-auf-dem-kongress-2023-der-sfm-in-rennes-ueber-biobelastung-und-biodekontamination-sprechen\/","title":{"rendered":"Lasst uns auf dem Kongress 2023 der SFM in Rennes \u00fcber Biobelastung und Biodekontamination sprechen"},"content":{"rendered":"","protected":false},"excerpt":{"rendered":"","protected":false},"author":3,"featured_media":5056,"comment_status":"closed","ping_status":"open","sticky":false,"template":"","format":"standard","meta":{"_acf_changed":false,"footnotes":""},"categories":[50],"tags":[],"class_list":["post-5553","post","type-post","status-publish","format-standard","has-post-thumbnail","hentry","category-aktuelles-messe"],"acf":[],"yoast_head":"<!-- This site is optimized with the Yoast SEO plugin v27.5 - https:\/\/yoast.com\/product\/yoast-seo-wordpress\/ -->\n<title>Lasst uns auf dem Kongress 2023 der SFM in Rennes \u00fcber Biobelastung und Biodekontamination sprechen - Devea<\/title>\n<meta name=\"description\" content=\"Comment contr\u00f4ler la biocharge gr\u00e2ce aux solutions de biod\u00e9contaminations ? Parlons en ensemble au congr\u00e8s de la SFM Rennes.\" \/>\n<meta name=\"robots\" content=\"index, follow, max-snippet:-1, max-image-preview:large, max-video-preview:-1\" \/>\n<link rel=\"canonical\" href=\"https:\/\/devea-environnement.com\/de\/lasst-uns-auf-dem-kongress-2023-der-sfm-in-rennes-ueber-biobelastung-und-biodekontamination-sprechen\/\" \/>\n<meta property=\"og:locale\" content=\"de_DE\" \/>\n<meta property=\"og:type\" content=\"article\" \/>\n<meta property=\"og:title\" content=\"Lasst uns auf dem Kongress 2023 der SFM in Rennes \u00fcber Biobelastung und Biodekontamination sprechen - Devea\" \/>\n<meta property=\"og:description\" content=\"Comment contr\u00f4ler la biocharge gr\u00e2ce aux solutions de biod\u00e9contaminations ? Parlons en ensemble au congr\u00e8s de la SFM Rennes.\" \/>\n<meta property=\"og:url\" content=\"https:\/\/devea-environnement.com\/de\/lasst-uns-auf-dem-kongress-2023-der-sfm-in-rennes-ueber-biobelastung-und-biodekontamination-sprechen\/\" \/>\n<meta property=\"og:site_name\" content=\"Devea\" \/>\n<meta property=\"article:published_time\" content=\"2023-09-27T10:17:33+00:00\" \/>\n<meta property=\"article:modified_time\" content=\"2025-12-17T15:07:41+00:00\" \/>\n<meta property=\"og:image\" content=\"https:\/\/devea-environnement.com\/wp-content\/uploads\/2023\/09\/SFM_Rennes_Visuel_Site.jpg\" \/>\n\t<meta property=\"og:image:width\" content=\"2048\" \/>\n\t<meta property=\"og:image:height\" content=\"1151\" \/>\n\t<meta property=\"og:image:type\" content=\"image\/jpeg\" \/>\n<meta name=\"author\" content=\"ehias@devea-environnement.com\" \/>\n<meta name=\"twitter:card\" content=\"summary_large_image\" \/>\n<meta name=\"twitter:label1\" content=\"Verfasst von\" \/>\n\t<meta name=\"twitter:data1\" content=\"ehias@devea-environnement.com\" \/>\n\t<meta name=\"twitter:label2\" content=\"Gesch\u00e4tzte Lesezeit\" \/>\n\t<meta name=\"twitter:data2\" content=\"6\u00a0Minuten\" \/>\n<script type=\"application\/ld+json\" class=\"yoast-schema-graph\">{\"@context\":\"https:\\\/\\\/schema.org\",\"@graph\":[{\"@type\":\"Article\",\"@id\":\"https:\\\/\\\/devea-environnement.com\\\/de\\\/lasst-uns-auf-dem-kongress-2023-der-sfm-in-rennes-ueber-biobelastung-und-biodekontamination-sprechen\\\/#article\",\"isPartOf\":{\"@id\":\"https:\\\/\\\/devea-environnement.com\\\/de\\\/lasst-uns-auf-dem-kongress-2023-der-sfm-in-rennes-ueber-biobelastung-und-biodekontamination-sprechen\\\/\"},\"author\":{\"name\":\"ehias@devea-environnement.com\",\"@id\":\"https:\\\/\\\/devea-environnement.com\\\/#\\\/schema\\\/person\\\/6c00747803cefea0e8931da12bc3a9d7\"},\"headline\":\"Lasst uns auf dem Kongress 2023 der SFM in Rennes \u00fcber Biobelastung und Biodekontamination sprechen\",\"datePublished\":\"2023-09-27T10:17:33+00:00\",\"dateModified\":\"2025-12-17T15:07:41+00:00\",\"mainEntityOfPage\":{\"@id\":\"https:\\\/\\\/devea-environnement.com\\\/de\\\/lasst-uns-auf-dem-kongress-2023-der-sfm-in-rennes-ueber-biobelastung-und-biodekontamination-sprechen\\\/\"},\"wordCount\":14,\"image\":{\"@id\":\"https:\\\/\\\/devea-environnement.com\\\/de\\\/lasst-uns-auf-dem-kongress-2023-der-sfm-in-rennes-ueber-biobelastung-und-biodekontamination-sprechen\\\/#primaryimage\"},\"thumbnailUrl\":\"https:\\\/\\\/devea-environnement.com\\\/wp-content\\\/uploads\\\/2023\\\/09\\\/SFM_Rennes_Visuel_Site.jpg\",\"articleSection\":[\"Aktuelles &amp; Messe\"],\"inLanguage\":\"de\"},{\"@type\":\"WebPage\",\"@id\":\"https:\\\/\\\/devea-environnement.com\\\/de\\\/lasst-uns-auf-dem-kongress-2023-der-sfm-in-rennes-ueber-biobelastung-und-biodekontamination-sprechen\\\/\",\"url\":\"https:\\\/\\\/devea-environnement.com\\\/de\\\/lasst-uns-auf-dem-kongress-2023-der-sfm-in-rennes-ueber-biobelastung-und-biodekontamination-sprechen\\\/\",\"name\":\"Lasst uns auf dem Kongress 2023 der SFM in Rennes \u00fcber Biobelastung und Biodekontamination sprechen - Devea\",\"isPartOf\":{\"@id\":\"https:\\\/\\\/devea-environnement.com\\\/#website\"},\"primaryImageOfPage\":{\"@id\":\"https:\\\/\\\/devea-environnement.com\\\/de\\\/lasst-uns-auf-dem-kongress-2023-der-sfm-in-rennes-ueber-biobelastung-und-biodekontamination-sprechen\\\/#primaryimage\"},\"image\":{\"@id\":\"https:\\\/\\\/devea-environnement.com\\\/de\\\/lasst-uns-auf-dem-kongress-2023-der-sfm-in-rennes-ueber-biobelastung-und-biodekontamination-sprechen\\\/#primaryimage\"},\"thumbnailUrl\":\"https:\\\/\\\/devea-environnement.com\\\/wp-content\\\/uploads\\\/2023\\\/09\\\/SFM_Rennes_Visuel_Site.jpg\",\"datePublished\":\"2023-09-27T10:17:33+00:00\",\"dateModified\":\"2025-12-17T15:07:41+00:00\",\"author\":{\"@id\":\"https:\\\/\\\/devea-environnement.com\\\/#\\\/schema\\\/person\\\/6c00747803cefea0e8931da12bc3a9d7\"},\"description\":\"Comment contr\u00f4ler la biocharge gr\u00e2ce aux solutions de biod\u00e9contaminations ? Parlons en ensemble au congr\u00e8s de la SFM Rennes.\",\"breadcrumb\":{\"@id\":\"https:\\\/\\\/devea-environnement.com\\\/de\\\/lasst-uns-auf-dem-kongress-2023-der-sfm-in-rennes-ueber-biobelastung-und-biodekontamination-sprechen\\\/#breadcrumb\"},\"inLanguage\":\"de\",\"potentialAction\":[{\"@type\":\"ReadAction\",\"target\":[\"https:\\\/\\\/devea-environnement.com\\\/de\\\/lasst-uns-auf-dem-kongress-2023-der-sfm-in-rennes-ueber-biobelastung-und-biodekontamination-sprechen\\\/\"]}]},{\"@type\":\"ImageObject\",\"inLanguage\":\"de\",\"@id\":\"https:\\\/\\\/devea-environnement.com\\\/de\\\/lasst-uns-auf-dem-kongress-2023-der-sfm-in-rennes-ueber-biobelastung-und-biodekontamination-sprechen\\\/#primaryimage\",\"url\":\"https:\\\/\\\/devea-environnement.com\\\/wp-content\\\/uploads\\\/2023\\\/09\\\/SFM_Rennes_Visuel_Site.jpg\",\"contentUrl\":\"https:\\\/\\\/devea-environnement.com\\\/wp-content\\\/uploads\\\/2023\\\/09\\\/SFM_Rennes_Visuel_Site.jpg\",\"width\":2048,\"height\":1151},{\"@type\":\"BreadcrumbList\",\"@id\":\"https:\\\/\\\/devea-environnement.com\\\/de\\\/lasst-uns-auf-dem-kongress-2023-der-sfm-in-rennes-ueber-biobelastung-und-biodekontamination-sprechen\\\/#breadcrumb\",\"itemListElement\":[{\"@type\":\"ListItem\",\"position\":1,\"name\":\"Startseite\",\"item\":\"https:\\\/\\\/devea-environnement.com\\\/de\\\/\"},{\"@type\":\"ListItem\",\"position\":2,\"name\":\"Lasst uns auf dem Kongress 2023 der SFM in Rennes \u00fcber Biobelastung und Biodekontamination sprechen\"}]},{\"@type\":\"WebSite\",\"@id\":\"https:\\\/\\\/devea-environnement.com\\\/#website\",\"url\":\"https:\\\/\\\/devea-environnement.com\\\/\",\"name\":\"Devea\",\"description\":\"Votre expert scientifique fran\u00e7ais\",\"potentialAction\":[{\"@type\":\"SearchAction\",\"target\":{\"@type\":\"EntryPoint\",\"urlTemplate\":\"https:\\\/\\\/devea-environnement.com\\\/?s={search_term_string}\"},\"query-input\":{\"@type\":\"PropertyValueSpecification\",\"valueRequired\":true,\"valueName\":\"search_term_string\"}}],\"inLanguage\":\"de\"},{\"@type\":\"Person\",\"@id\":\"https:\\\/\\\/devea-environnement.com\\\/#\\\/schema\\\/person\\\/6c00747803cefea0e8931da12bc3a9d7\",\"name\":\"ehias@devea-environnement.com\",\"image\":{\"@type\":\"ImageObject\",\"inLanguage\":\"de\",\"@id\":\"https:\\\/\\\/secure.gravatar.com\\\/avatar\\\/395ca7dcd205f418c80e605bf55590ef0a52d9ff7c4b51248dfc8dfd2be1a509?s=96&d=mm&r=g\",\"url\":\"https:\\\/\\\/secure.gravatar.com\\\/avatar\\\/395ca7dcd205f418c80e605bf55590ef0a52d9ff7c4b51248dfc8dfd2be1a509?s=96&d=mm&r=g\",\"contentUrl\":\"https:\\\/\\\/secure.gravatar.com\\\/avatar\\\/395ca7dcd205f418c80e605bf55590ef0a52d9ff7c4b51248dfc8dfd2be1a509?s=96&d=mm&r=g\",\"caption\":\"ehias@devea-environnement.com\"}}]}<\/script>\n<!-- \/ Yoast SEO plugin. -->","yoast_head_json":{"title":"Lasst uns auf dem Kongress 2023 der SFM in Rennes \u00fcber Biobelastung und Biodekontamination sprechen - Devea","description":"Comment contr\u00f4ler la biocharge gr\u00e2ce aux solutions de biod\u00e9contaminations ? Parlons en ensemble au congr\u00e8s de la SFM Rennes.","robots":{"index":"index","follow":"follow","max-snippet":"max-snippet:-1","max-image-preview":"max-image-preview:large","max-video-preview":"max-video-preview:-1"},"canonical":"https:\/\/devea-environnement.com\/de\/lasst-uns-auf-dem-kongress-2023-der-sfm-in-rennes-ueber-biobelastung-und-biodekontamination-sprechen\/","og_locale":"de_DE","og_type":"article","og_title":"Lasst uns auf dem Kongress 2023 der SFM in Rennes \u00fcber Biobelastung und Biodekontamination sprechen - Devea","og_description":"Comment contr\u00f4ler la biocharge gr\u00e2ce aux solutions de biod\u00e9contaminations ? Parlons en ensemble au congr\u00e8s de la SFM Rennes.","og_url":"https:\/\/devea-environnement.com\/de\/lasst-uns-auf-dem-kongress-2023-der-sfm-in-rennes-ueber-biobelastung-und-biodekontamination-sprechen\/","og_site_name":"Devea","article_published_time":"2023-09-27T10:17:33+00:00","article_modified_time":"2025-12-17T15:07:41+00:00","og_image":[{"width":2048,"height":1151,"url":"https:\/\/devea-environnement.com\/wp-content\/uploads\/2023\/09\/SFM_Rennes_Visuel_Site.jpg","type":"image\/jpeg"}],"author":"ehias@devea-environnement.com","twitter_card":"summary_large_image","twitter_misc":{"Verfasst von":"ehias@devea-environnement.com","Gesch\u00e4tzte Lesezeit":"6\u00a0Minuten"},"schema":{"@context":"https:\/\/schema.org","@graph":[{"@type":"Article","@id":"https:\/\/devea-environnement.com\/de\/lasst-uns-auf-dem-kongress-2023-der-sfm-in-rennes-ueber-biobelastung-und-biodekontamination-sprechen\/#article","isPartOf":{"@id":"https:\/\/devea-environnement.com\/de\/lasst-uns-auf-dem-kongress-2023-der-sfm-in-rennes-ueber-biobelastung-und-biodekontamination-sprechen\/"},"author":{"name":"ehias@devea-environnement.com","@id":"https:\/\/devea-environnement.com\/#\/schema\/person\/6c00747803cefea0e8931da12bc3a9d7"},"headline":"Lasst uns auf dem Kongress 2023 der SFM in Rennes \u00fcber Biobelastung und Biodekontamination sprechen","datePublished":"2023-09-27T10:17:33+00:00","dateModified":"2025-12-17T15:07:41+00:00","mainEntityOfPage":{"@id":"https:\/\/devea-environnement.com\/de\/lasst-uns-auf-dem-kongress-2023-der-sfm-in-rennes-ueber-biobelastung-und-biodekontamination-sprechen\/"},"wordCount":14,"image":{"@id":"https:\/\/devea-environnement.com\/de\/lasst-uns-auf-dem-kongress-2023-der-sfm-in-rennes-ueber-biobelastung-und-biodekontamination-sprechen\/#primaryimage"},"thumbnailUrl":"https:\/\/devea-environnement.com\/wp-content\/uploads\/2023\/09\/SFM_Rennes_Visuel_Site.jpg","articleSection":["Aktuelles &amp; Messe"],"inLanguage":"de"},{"@type":"WebPage","@id":"https:\/\/devea-environnement.com\/de\/lasst-uns-auf-dem-kongress-2023-der-sfm-in-rennes-ueber-biobelastung-und-biodekontamination-sprechen\/","url":"https:\/\/devea-environnement.com\/de\/lasst-uns-auf-dem-kongress-2023-der-sfm-in-rennes-ueber-biobelastung-und-biodekontamination-sprechen\/","name":"Lasst uns auf dem Kongress 2023 der SFM in Rennes \u00fcber Biobelastung und Biodekontamination sprechen - Devea","isPartOf":{"@id":"https:\/\/devea-environnement.com\/#website"},"primaryImageOfPage":{"@id":"https:\/\/devea-environnement.com\/de\/lasst-uns-auf-dem-kongress-2023-der-sfm-in-rennes-ueber-biobelastung-und-biodekontamination-sprechen\/#primaryimage"},"image":{"@id":"https:\/\/devea-environnement.com\/de\/lasst-uns-auf-dem-kongress-2023-der-sfm-in-rennes-ueber-biobelastung-und-biodekontamination-sprechen\/#primaryimage"},"thumbnailUrl":"https:\/\/devea-environnement.com\/wp-content\/uploads\/2023\/09\/SFM_Rennes_Visuel_Site.jpg","datePublished":"2023-09-27T10:17:33+00:00","dateModified":"2025-12-17T15:07:41+00:00","author":{"@id":"https:\/\/devea-environnement.com\/#\/schema\/person\/6c00747803cefea0e8931da12bc3a9d7"},"description":"Comment contr\u00f4ler la biocharge gr\u00e2ce aux solutions de biod\u00e9contaminations ? Parlons en ensemble au congr\u00e8s de la SFM Rennes.","breadcrumb":{"@id":"https:\/\/devea-environnement.com\/de\/lasst-uns-auf-dem-kongress-2023-der-sfm-in-rennes-ueber-biobelastung-und-biodekontamination-sprechen\/#breadcrumb"},"inLanguage":"de","potentialAction":[{"@type":"ReadAction","target":["https:\/\/devea-environnement.com\/de\/lasst-uns-auf-dem-kongress-2023-der-sfm-in-rennes-ueber-biobelastung-und-biodekontamination-sprechen\/"]}]},{"@type":"ImageObject","inLanguage":"de","@id":"https:\/\/devea-environnement.com\/de\/lasst-uns-auf-dem-kongress-2023-der-sfm-in-rennes-ueber-biobelastung-und-biodekontamination-sprechen\/#primaryimage","url":"https:\/\/devea-environnement.com\/wp-content\/uploads\/2023\/09\/SFM_Rennes_Visuel_Site.jpg","contentUrl":"https:\/\/devea-environnement.com\/wp-content\/uploads\/2023\/09\/SFM_Rennes_Visuel_Site.jpg","width":2048,"height":1151},{"@type":"BreadcrumbList","@id":"https:\/\/devea-environnement.com\/de\/lasst-uns-auf-dem-kongress-2023-der-sfm-in-rennes-ueber-biobelastung-und-biodekontamination-sprechen\/#breadcrumb","itemListElement":[{"@type":"ListItem","position":1,"name":"Startseite","item":"https:\/\/devea-environnement.com\/de\/"},{"@type":"ListItem","position":2,"name":"Lasst uns auf dem Kongress 2023 der SFM in Rennes \u00fcber Biobelastung und Biodekontamination sprechen"}]},{"@type":"WebSite","@id":"https:\/\/devea-environnement.com\/#website","url":"https:\/\/devea-environnement.com\/","name":"Devea","description":"Votre expert scientifique fran\u00e7ais","potentialAction":[{"@type":"SearchAction","target":{"@type":"EntryPoint","urlTemplate":"https:\/\/devea-environnement.com\/?s={search_term_string}"},"query-input":{"@type":"PropertyValueSpecification","valueRequired":true,"valueName":"search_term_string"}}],"inLanguage":"de"},{"@type":"Person","@id":"https:\/\/devea-environnement.com\/#\/schema\/person\/6c00747803cefea0e8931da12bc3a9d7","name":"ehias@devea-environnement.com","image":{"@type":"ImageObject","inLanguage":"de","@id":"https:\/\/secure.gravatar.com\/avatar\/395ca7dcd205f418c80e605bf55590ef0a52d9ff7c4b51248dfc8dfd2be1a509?s=96&d=mm&r=g","url":"https:\/\/secure.gravatar.com\/avatar\/395ca7dcd205f418c80e605bf55590ef0a52d9ff7c4b51248dfc8dfd2be1a509?s=96&d=mm&r=g","contentUrl":"https:\/\/secure.gravatar.com\/avatar\/395ca7dcd205f418c80e605bf55590ef0a52d9ff7c4b51248dfc8dfd2be1a509?s=96&d=mm&r=g","caption":"ehias@devea-environnement.com"}}]}},"_links":{"self":[{"href":"https:\/\/devea-environnement.com\/de\/wp-json\/wp\/v2\/posts\/5553","targetHints":{"allow":["GET"]}}],"collection":[{"href":"https:\/\/devea-environnement.com\/de\/wp-json\/wp\/v2\/posts"}],"about":[{"href":"https:\/\/devea-environnement.com\/de\/wp-json\/wp\/v2\/types\/post"}],"author":[{"embeddable":true,"href":"https:\/\/devea-environnement.com\/de\/wp-json\/wp\/v2\/users\/3"}],"replies":[{"embeddable":true,"href":"https:\/\/devea-environnement.com\/de\/wp-json\/wp\/v2\/comments?post=5553"}],"version-history":[{"count":0,"href":"https:\/\/devea-environnement.com\/de\/wp-json\/wp\/v2\/posts\/5553\/revisions"}],"wp:featuredmedia":[{"embeddable":true,"href":"https:\/\/devea-environnement.com\/de\/wp-json\/wp\/v2\/media\/5056"}],"wp:attachment":[{"href":"https:\/\/devea-environnement.com\/de\/wp-json\/wp\/v2\/media?parent=5553"}],"wp:term":[{"taxonomy":"category","embeddable":true,"href":"https:\/\/devea-environnement.com\/de\/wp-json\/wp\/v2\/categories?post=5553"},{"taxonomy":"post_tag","embeddable":true,"href":"https:\/\/devea-environnement.com\/de\/wp-json\/wp\/v2\/tags?post=5553"}],"curies":[{"name":"wp","href":"https:\/\/api.w.org\/{rel}","templated":true}]}}