{"id":5556,"date":"2023-03-28T09:47:10","date_gmt":"2023-03-28T07:47:10","guid":{"rendered":"https:\/\/devea-environnement.com\/parlons-biodecontamination-a-contaminexpo\/"},"modified":"2025-12-17T16:07:53","modified_gmt":"2025-12-17T15:07:53","slug":"sprechen-wir-auf-der-contaminexpo-ueber-biodekontamination","status":"publish","type":"post","link":"https:\/\/devea-environnement.com\/de\/sprechen-wir-auf-der-contaminexpo-ueber-biodekontamination\/","title":{"rendered":"Sprechen wir auf der ContaminExpo \u00fcber Biodekontamination!"},"content":{"rendered":"\r\n<p>Bienvenue sur WordPress. Ceci est votre premier article. Modifiez-le ou supprimez-le, puis commencez \u00e0 \u00e9crire\u00a0!<\/p>\r\n","protected":false},"excerpt":{"rendered":"<p>Bienvenue sur WordPress. Ceci est votre premier article. Modifiez-le ou supprimez-le, puis commencez \u00e0 \u00e9crire\u00a0!<\/p>\n","protected":false},"author":1,"featured_media":4989,"comment_status":"closed","ping_status":"open","sticky":false,"template":"","format":"standard","meta":{"_acf_changed":false,"footnotes":""},"categories":[50],"tags":[],"class_list":["post-5556","post","type-post","status-publish","format-standard","has-post-thumbnail","hentry","category-aktuelles-messe"],"acf":[],"yoast_head":"<!-- This site is optimized with the Yoast SEO plugin v27.5 - https:\/\/yoast.com\/product\/yoast-seo-wordpress\/ -->\n<title>Sprechen wir auf der ContaminExpo \u00fcber Biodekontamination! - Devea<\/title>\n<meta name=\"description\" content=\"Retrouvez-nous \u00e0 Contamin&#039;Expo en tant qu&#039;exposant et conf\u00e9rencier !Du 28 au 30 Mars, stand n\u00b0F05.\" \/>\n<meta name=\"robots\" content=\"index, follow, max-snippet:-1, max-image-preview:large, max-video-preview:-1\" \/>\n<link rel=\"canonical\" href=\"https:\/\/devea-environnement.com\/de\/sprechen-wir-auf-der-contaminexpo-ueber-biodekontamination\/\" \/>\n<meta property=\"og:locale\" content=\"de_DE\" \/>\n<meta property=\"og:type\" content=\"article\" \/>\n<meta property=\"og:title\" content=\"Sprechen wir auf der ContaminExpo \u00fcber Biodekontamination! - Devea\" \/>\n<meta property=\"og:description\" content=\"Retrouvez-nous \u00e0 Contamin&#039;Expo en tant qu&#039;exposant et conf\u00e9rencier !Du 28 au 30 Mars, stand n\u00b0F05.\" \/>\n<meta property=\"og:url\" content=\"https:\/\/devea-environnement.com\/de\/sprechen-wir-auf-der-contaminexpo-ueber-biodekontamination\/\" \/>\n<meta property=\"og:site_name\" content=\"Devea\" \/>\n<meta property=\"article:published_time\" content=\"2023-03-28T07:47:10+00:00\" \/>\n<meta property=\"article:modified_time\" content=\"2025-12-17T15:07:53+00:00\" \/>\n<meta property=\"og:image\" content=\"https:\/\/devea-environnement.com\/wp-content\/uploads\/2023\/03\/Sans-titre-1_Plan-de-travail-1-1024x576.png\" \/>\n\t<meta property=\"og:image:width\" content=\"1024\" \/>\n\t<meta property=\"og:image:height\" content=\"576\" \/>\n\t<meta property=\"og:image:type\" content=\"image\/png\" \/>\n<meta name=\"author\" content=\"Digisante@2022\" \/>\n<meta name=\"twitter:card\" content=\"summary_large_image\" \/>\n<meta name=\"twitter:label1\" content=\"Verfasst von\" \/>\n\t<meta name=\"twitter:data1\" content=\"Digisante@2022\" \/>\n\t<meta name=\"twitter:label2\" content=\"Gesch\u00e4tzte Lesezeit\" \/>\n\t<meta name=\"twitter:data2\" content=\"1\u00a0Minute\" \/>\n<script type=\"application\/ld+json\" class=\"yoast-schema-graph\">{\"@context\":\"https:\\\/\\\/schema.org\",\"@graph\":[{\"@type\":\"Article\",\"@id\":\"https:\\\/\\\/devea-environnement.com\\\/de\\\/sprechen-wir-auf-der-contaminexpo-ueber-biodekontamination\\\/#article\",\"isPartOf\":{\"@id\":\"https:\\\/\\\/devea-environnement.com\\\/de\\\/sprechen-wir-auf-der-contaminexpo-ueber-biodekontamination\\\/\"},\"author\":{\"name\":\"Digisante@2022\",\"@id\":\"https:\\\/\\\/devea-environnement.com\\\/#\\\/schema\\\/person\\\/8bedd3a9a32c4e1e4a397993b8d44554\"},\"headline\":\"Sprechen wir auf der ContaminExpo \u00fcber Biodekontamination!\",\"datePublished\":\"2023-03-28T07:47:10+00:00\",\"dateModified\":\"2025-12-17T15:07:53+00:00\",\"mainEntityOfPage\":{\"@id\":\"https:\\\/\\\/devea-environnement.com\\\/de\\\/sprechen-wir-auf-der-contaminexpo-ueber-biodekontamination\\\/\"},\"wordCount\":21,\"image\":{\"@id\":\"https:\\\/\\\/devea-environnement.com\\\/de\\\/sprechen-wir-auf-der-contaminexpo-ueber-biodekontamination\\\/#primaryimage\"},\"thumbnailUrl\":\"https:\\\/\\\/devea-environnement.com\\\/wp-content\\\/uploads\\\/2023\\\/03\\\/Sans-titre-1_Plan-de-travail-1.png\",\"articleSection\":[\"Aktuelles &amp; Messe\"],\"inLanguage\":\"de\"},{\"@type\":\"WebPage\",\"@id\":\"https:\\\/\\\/devea-environnement.com\\\/de\\\/sprechen-wir-auf-der-contaminexpo-ueber-biodekontamination\\\/\",\"url\":\"https:\\\/\\\/devea-environnement.com\\\/de\\\/sprechen-wir-auf-der-contaminexpo-ueber-biodekontamination\\\/\",\"name\":\"Sprechen wir auf der ContaminExpo \u00fcber Biodekontamination! - Devea\",\"isPartOf\":{\"@id\":\"https:\\\/\\\/devea-environnement.com\\\/#website\"},\"primaryImageOfPage\":{\"@id\":\"https:\\\/\\\/devea-environnement.com\\\/de\\\/sprechen-wir-auf-der-contaminexpo-ueber-biodekontamination\\\/#primaryimage\"},\"image\":{\"@id\":\"https:\\\/\\\/devea-environnement.com\\\/de\\\/sprechen-wir-auf-der-contaminexpo-ueber-biodekontamination\\\/#primaryimage\"},\"thumbnailUrl\":\"https:\\\/\\\/devea-environnement.com\\\/wp-content\\\/uploads\\\/2023\\\/03\\\/Sans-titre-1_Plan-de-travail-1.png\",\"datePublished\":\"2023-03-28T07:47:10+00:00\",\"dateModified\":\"2025-12-17T15:07:53+00:00\",\"author\":{\"@id\":\"https:\\\/\\\/devea-environnement.com\\\/#\\\/schema\\\/person\\\/8bedd3a9a32c4e1e4a397993b8d44554\"},\"description\":\"Retrouvez-nous \u00e0 Contamin'Expo en tant qu'exposant et conf\u00e9rencier !Du 28 au 30 Mars, stand n\u00b0F05.\",\"breadcrumb\":{\"@id\":\"https:\\\/\\\/devea-environnement.com\\\/de\\\/sprechen-wir-auf-der-contaminexpo-ueber-biodekontamination\\\/#breadcrumb\"},\"inLanguage\":\"de\",\"potentialAction\":[{\"@type\":\"ReadAction\",\"target\":[\"https:\\\/\\\/devea-environnement.com\\\/de\\\/sprechen-wir-auf-der-contaminexpo-ueber-biodekontamination\\\/\"]}]},{\"@type\":\"ImageObject\",\"inLanguage\":\"de\",\"@id\":\"https:\\\/\\\/devea-environnement.com\\\/de\\\/sprechen-wir-auf-der-contaminexpo-ueber-biodekontamination\\\/#primaryimage\",\"url\":\"https:\\\/\\\/devea-environnement.com\\\/wp-content\\\/uploads\\\/2023\\\/03\\\/Sans-titre-1_Plan-de-travail-1.png\",\"contentUrl\":\"https:\\\/\\\/devea-environnement.com\\\/wp-content\\\/uploads\\\/2023\\\/03\\\/Sans-titre-1_Plan-de-travail-1.png\",\"width\":2048,\"height\":1151,\"caption\":\"Contamin'expo Devea\"},{\"@type\":\"BreadcrumbList\",\"@id\":\"https:\\\/\\\/devea-environnement.com\\\/de\\\/sprechen-wir-auf-der-contaminexpo-ueber-biodekontamination\\\/#breadcrumb\",\"itemListElement\":[{\"@type\":\"ListItem\",\"position\":1,\"name\":\"Startseite\",\"item\":\"https:\\\/\\\/devea-environnement.com\\\/de\\\/\"},{\"@type\":\"ListItem\",\"position\":2,\"name\":\"Sprechen wir auf der ContaminExpo \u00fcber Biodekontamination!\"}]},{\"@type\":\"WebSite\",\"@id\":\"https:\\\/\\\/devea-environnement.com\\\/#website\",\"url\":\"https:\\\/\\\/devea-environnement.com\\\/\",\"name\":\"Devea\",\"description\":\"Votre expert scientifique fran\u00e7ais\",\"potentialAction\":[{\"@type\":\"SearchAction\",\"target\":{\"@type\":\"EntryPoint\",\"urlTemplate\":\"https:\\\/\\\/devea-environnement.com\\\/?s={search_term_string}\"},\"query-input\":{\"@type\":\"PropertyValueSpecification\",\"valueRequired\":true,\"valueName\":\"search_term_string\"}}],\"inLanguage\":\"de\"},{\"@type\":\"Person\",\"@id\":\"https:\\\/\\\/devea-environnement.com\\\/#\\\/schema\\\/person\\\/8bedd3a9a32c4e1e4a397993b8d44554\",\"name\":\"Digisante@2022\",\"image\":{\"@type\":\"ImageObject\",\"inLanguage\":\"de\",\"@id\":\"https:\\\/\\\/secure.gravatar.com\\\/avatar\\\/49e2fc36923e16200365bd38e91b4de27877f751058cc7dcaad542e5766367de?s=96&d=mm&r=g\",\"url\":\"https:\\\/\\\/secure.gravatar.com\\\/avatar\\\/49e2fc36923e16200365bd38e91b4de27877f751058cc7dcaad542e5766367de?s=96&d=mm&r=g\",\"contentUrl\":\"https:\\\/\\\/secure.gravatar.com\\\/avatar\\\/49e2fc36923e16200365bd38e91b4de27877f751058cc7dcaad542e5766367de?s=96&d=mm&r=g\",\"caption\":\"Digisante@2022\"},\"sameAs\":[\"https:\\\/\\\/devea-environnement.com\"]}]}<\/script>\n<!-- \/ Yoast SEO plugin. -->","yoast_head_json":{"title":"Sprechen wir auf der ContaminExpo \u00fcber Biodekontamination! - Devea","description":"Retrouvez-nous \u00e0 Contamin'Expo en tant qu'exposant et conf\u00e9rencier !Du 28 au 30 Mars, stand n\u00b0F05.","robots":{"index":"index","follow":"follow","max-snippet":"max-snippet:-1","max-image-preview":"max-image-preview:large","max-video-preview":"max-video-preview:-1"},"canonical":"https:\/\/devea-environnement.com\/de\/sprechen-wir-auf-der-contaminexpo-ueber-biodekontamination\/","og_locale":"de_DE","og_type":"article","og_title":"Sprechen wir auf der ContaminExpo \u00fcber Biodekontamination! - Devea","og_description":"Retrouvez-nous \u00e0 Contamin'Expo en tant qu'exposant et conf\u00e9rencier !Du 28 au 30 Mars, stand n\u00b0F05.","og_url":"https:\/\/devea-environnement.com\/de\/sprechen-wir-auf-der-contaminexpo-ueber-biodekontamination\/","og_site_name":"Devea","article_published_time":"2023-03-28T07:47:10+00:00","article_modified_time":"2025-12-17T15:07:53+00:00","og_image":[{"width":1024,"height":576,"url":"https:\/\/devea-environnement.com\/wp-content\/uploads\/2023\/03\/Sans-titre-1_Plan-de-travail-1-1024x576.png","type":"image\/png"}],"author":"Digisante@2022","twitter_card":"summary_large_image","twitter_misc":{"Verfasst von":"Digisante@2022","Gesch\u00e4tzte Lesezeit":"1\u00a0Minute"},"schema":{"@context":"https:\/\/schema.org","@graph":[{"@type":"Article","@id":"https:\/\/devea-environnement.com\/de\/sprechen-wir-auf-der-contaminexpo-ueber-biodekontamination\/#article","isPartOf":{"@id":"https:\/\/devea-environnement.com\/de\/sprechen-wir-auf-der-contaminexpo-ueber-biodekontamination\/"},"author":{"name":"Digisante@2022","@id":"https:\/\/devea-environnement.com\/#\/schema\/person\/8bedd3a9a32c4e1e4a397993b8d44554"},"headline":"Sprechen wir auf der ContaminExpo \u00fcber Biodekontamination!","datePublished":"2023-03-28T07:47:10+00:00","dateModified":"2025-12-17T15:07:53+00:00","mainEntityOfPage":{"@id":"https:\/\/devea-environnement.com\/de\/sprechen-wir-auf-der-contaminexpo-ueber-biodekontamination\/"},"wordCount":21,"image":{"@id":"https:\/\/devea-environnement.com\/de\/sprechen-wir-auf-der-contaminexpo-ueber-biodekontamination\/#primaryimage"},"thumbnailUrl":"https:\/\/devea-environnement.com\/wp-content\/uploads\/2023\/03\/Sans-titre-1_Plan-de-travail-1.png","articleSection":["Aktuelles &amp; Messe"],"inLanguage":"de"},{"@type":"WebPage","@id":"https:\/\/devea-environnement.com\/de\/sprechen-wir-auf-der-contaminexpo-ueber-biodekontamination\/","url":"https:\/\/devea-environnement.com\/de\/sprechen-wir-auf-der-contaminexpo-ueber-biodekontamination\/","name":"Sprechen wir auf der ContaminExpo \u00fcber Biodekontamination! - Devea","isPartOf":{"@id":"https:\/\/devea-environnement.com\/#website"},"primaryImageOfPage":{"@id":"https:\/\/devea-environnement.com\/de\/sprechen-wir-auf-der-contaminexpo-ueber-biodekontamination\/#primaryimage"},"image":{"@id":"https:\/\/devea-environnement.com\/de\/sprechen-wir-auf-der-contaminexpo-ueber-biodekontamination\/#primaryimage"},"thumbnailUrl":"https:\/\/devea-environnement.com\/wp-content\/uploads\/2023\/03\/Sans-titre-1_Plan-de-travail-1.png","datePublished":"2023-03-28T07:47:10+00:00","dateModified":"2025-12-17T15:07:53+00:00","author":{"@id":"https:\/\/devea-environnement.com\/#\/schema\/person\/8bedd3a9a32c4e1e4a397993b8d44554"},"description":"Retrouvez-nous \u00e0 Contamin'Expo en tant qu'exposant et conf\u00e9rencier !Du 28 au 30 Mars, stand n\u00b0F05.","breadcrumb":{"@id":"https:\/\/devea-environnement.com\/de\/sprechen-wir-auf-der-contaminexpo-ueber-biodekontamination\/#breadcrumb"},"inLanguage":"de","potentialAction":[{"@type":"ReadAction","target":["https:\/\/devea-environnement.com\/de\/sprechen-wir-auf-der-contaminexpo-ueber-biodekontamination\/"]}]},{"@type":"ImageObject","inLanguage":"de","@id":"https:\/\/devea-environnement.com\/de\/sprechen-wir-auf-der-contaminexpo-ueber-biodekontamination\/#primaryimage","url":"https:\/\/devea-environnement.com\/wp-content\/uploads\/2023\/03\/Sans-titre-1_Plan-de-travail-1.png","contentUrl":"https:\/\/devea-environnement.com\/wp-content\/uploads\/2023\/03\/Sans-titre-1_Plan-de-travail-1.png","width":2048,"height":1151,"caption":"Contamin'expo Devea"},{"@type":"BreadcrumbList","@id":"https:\/\/devea-environnement.com\/de\/sprechen-wir-auf-der-contaminexpo-ueber-biodekontamination\/#breadcrumb","itemListElement":[{"@type":"ListItem","position":1,"name":"Startseite","item":"https:\/\/devea-environnement.com\/de\/"},{"@type":"ListItem","position":2,"name":"Sprechen wir auf der ContaminExpo \u00fcber Biodekontamination!"}]},{"@type":"WebSite","@id":"https:\/\/devea-environnement.com\/#website","url":"https:\/\/devea-environnement.com\/","name":"Devea","description":"Votre expert scientifique fran\u00e7ais","potentialAction":[{"@type":"SearchAction","target":{"@type":"EntryPoint","urlTemplate":"https:\/\/devea-environnement.com\/?s={search_term_string}"},"query-input":{"@type":"PropertyValueSpecification","valueRequired":true,"valueName":"search_term_string"}}],"inLanguage":"de"},{"@type":"Person","@id":"https:\/\/devea-environnement.com\/#\/schema\/person\/8bedd3a9a32c4e1e4a397993b8d44554","name":"Digisante@2022","image":{"@type":"ImageObject","inLanguage":"de","@id":"https:\/\/secure.gravatar.com\/avatar\/49e2fc36923e16200365bd38e91b4de27877f751058cc7dcaad542e5766367de?s=96&d=mm&r=g","url":"https:\/\/secure.gravatar.com\/avatar\/49e2fc36923e16200365bd38e91b4de27877f751058cc7dcaad542e5766367de?s=96&d=mm&r=g","contentUrl":"https:\/\/secure.gravatar.com\/avatar\/49e2fc36923e16200365bd38e91b4de27877f751058cc7dcaad542e5766367de?s=96&d=mm&r=g","caption":"Digisante@2022"},"sameAs":["https:\/\/devea-environnement.com"]}]}},"_links":{"self":[{"href":"https:\/\/devea-environnement.com\/de\/wp-json\/wp\/v2\/posts\/5556","targetHints":{"allow":["GET"]}}],"collection":[{"href":"https:\/\/devea-environnement.com\/de\/wp-json\/wp\/v2\/posts"}],"about":[{"href":"https:\/\/devea-environnement.com\/de\/wp-json\/wp\/v2\/types\/post"}],"author":[{"embeddable":true,"href":"https:\/\/devea-environnement.com\/de\/wp-json\/wp\/v2\/users\/1"}],"replies":[{"embeddable":true,"href":"https:\/\/devea-environnement.com\/de\/wp-json\/wp\/v2\/comments?post=5556"}],"version-history":[{"count":0,"href":"https:\/\/devea-environnement.com\/de\/wp-json\/wp\/v2\/posts\/5556\/revisions"}],"wp:featuredmedia":[{"embeddable":true,"href":"https:\/\/devea-environnement.com\/de\/wp-json\/wp\/v2\/media\/4989"}],"wp:attachment":[{"href":"https:\/\/devea-environnement.com\/de\/wp-json\/wp\/v2\/media?parent=5556"}],"wp:term":[{"taxonomy":"category","embeddable":true,"href":"https:\/\/devea-environnement.com\/de\/wp-json\/wp\/v2\/categories?post=5556"},{"taxonomy":"post_tag","embeddable":true,"href":"https:\/\/devea-environnement.com\/de\/wp-json\/wp\/v2\/tags?post=5556"}],"curies":[{"name":"wp","href":"https:\/\/api.w.org\/{rel}","templated":true}]}}